{"id":2201,"date":"2023-05-08T19:55:33","date_gmt":"2023-05-08T19:55:33","guid":{"rendered":"https:\/\/www.statekjirice.cz\/?p=2201"},"modified":"2023-06-14T15:32:51","modified_gmt":"2023-06-14T15:32:51","slug":"primestsky-tabor","status":"publish","type":"post","link":"https:\/\/www.statekjirice.cz\/index.php\/2023\/05\/08\/primestsky-tabor\/","title":{"rendered":"P\u0159\u00edm\u011bstsk\u00fd t\u00e1bor"},"content":{"rendered":"\n<p>31.7. \u2013 4. 8. 2023 po\u0159\u00e1d\u00e1me hrav\u00fd hudebn\u00ed p\u0159\u00edm\u011bstsk\u00fd t\u00e1bor pro d\u011bti 6-12 let na t\u00e9ma <strong>Karneval zv\u00ed\u0159at<\/strong> (hudebn\u00ed cyklus skladatele Camille Saint-Sa\u00ebns).<\/p>\n\n\n\n<div class=\"wp-block-file\"><a href=\"https:\/\/www.statekjirice.cz\/wp-content\/uploads\/2023\/06\/p\u0159ihl\u00e1\u0161ka_p\u0159\u00edm\u011bstsk\u00fd-t\u00e1bor_web_2023.docx\">P\u0159ihl\u00e1\u0161ka na p\u0159\u00edm\u011bstsk\u00fd t\u00e1bor 2023 pro d\u011bti 6-12 let<\/a><a href=\"https:\/\/www.statekjirice.cz\/wp-content\/uploads\/2023\/06\/p\u0159ihl\u00e1\u0161ka_p\u0159\u00edm\u011bstsk\u00fd-t\u00e1bor_web_2023.docx\" class=\"wp-block-file__button\" download>St\u00e1hnout<\/a><\/div>\n\n\n\n<h3 class=\"has-text-color wp-block-heading\" style=\"color:#286680\">Podrobnosti<\/h3>\n\n\n\n<p>T\u00e9ma:&nbsp;Karneval zv\u00ed\u0159at<br>&#8211; pro d\u011bti ve v\u011bku 6-12 let<br>&#8211; term\u00edn 31.7. &#8211; 4.8. 2023<br>&#8211; na motivy hudebn\u00edho hitu Camille Saint-Sa\u00ebns&nbsp;<br>&#8211; hudba, tanec, zp\u011bv, divadlo<br>&#8211; tvo\u0159en\u00ed a v\u00fdroba hudebn\u00edch n\u00e1stroj\u016f<br>&#8211; pohybov\u00e9 hry a aktivity&nbsp;<br>&#8211; p\u0159esp\u00e1n\u00ed ze \u010dtvrtka&nbsp;na p\u00e1tek v Jurt\u011b \u010di v Ateli\u00e9ru dle po\u010das\u00ed<br>&#8211; p\u00e1te\u010dn\u00ed z\u00e1v\u011bre\u010dn\u00e9 p\u0159edstaven\u00ed&nbsp;pro rodi\u010de a p\u0159\u00e1tele<br>&#8211; v cen\u011b strava v\u010detn\u011b pitn\u00e9ho re\u017eimu (p\u0159esn\u00edd\u00e1vka, ob\u011bd, sva\u010dina)<br>&#8211; celkov\u00e1 cena 2950,-&nbsp;K\u010d<br>&#8211; mo\u017enost vystaven\u00ed faktury zam\u011bstnavateli&nbsp;rodi\u010d\u016f k proplacen\u00ed v r\u00e1mci zam\u011bstnaneck\u00e9ho benefitu<\/p>\n\n\n\n<p>V p\u0159\u00edpad\u011b z\u00e1jmu pi\u0161te na: stana.fidlerova@gmail.com<\/p>\n\n\n\n<figure class=\"wp-block-image size-large\"><img loading=\"lazy\" decoding=\"async\" width=\"724\" height=\"1024\" src=\"https:\/\/www.statekjirice.cz\/wp-content\/uploads\/2023\/05\/Ladonka_Karneval_tabor-724x1024.jpg\" alt=\"T\u00e1bor s hudbou\" class=\"wp-image-2206\" srcset=\"https:\/\/www.statekjirice.cz\/wp-content\/uploads\/2023\/05\/Ladonka_Karneval_tabor-724x1024.jpg 724w, https:\/\/www.statekjirice.cz\/wp-content\/uploads\/2023\/05\/Ladonka_Karneval_tabor-212x300.jpg 212w, https:\/\/www.statekjirice.cz\/wp-content\/uploads\/2023\/05\/Ladonka_Karneval_tabor-768x1086.jpg 768w, https:\/\/www.statekjirice.cz\/wp-content\/uploads\/2023\/05\/Ladonka_Karneval_tabor-1086x1536.jpg 1086w, https:\/\/www.statekjirice.cz\/wp-content\/uploads\/2023\/05\/Ladonka_Karneval_tabor.jpg 1414w\" sizes=\"auto, (max-width: 724px) 100vw, 724px\" \/><figcaption>P\u0159\u00edm\u011bstsk\u00fd hudebn\u00ed t\u00e1bor<\/figcaption><\/figure>\n","protected":false},"excerpt":{"rendered":"<p>31.7. \u2013 4. 8. 2023 po\u0159\u00e1d\u00e1me hrav\u00fd hudebn\u00ed p\u0159\u00edm\u011bstsk\u00fd t\u00e1bor pro d\u011bti 6-12 let na t\u00e9ma Karneval zv\u00ed\u0159at (hudebn\u00ed cyklus skladatele Camille Saint-Sa\u00ebns). Podrobnosti T\u00e9ma:&nbsp;Karneval zv\u00ed\u0159at&#8211; pro d\u011bti ve v\u011bku 6-12 let&#8211; term\u00edn 31.7. &#8211; 4.8. 2023&#8211; na motivy hudebn\u00edho hitu Camille Saint-Sa\u00ebns&nbsp;&#8211; hudba, tanec, zp\u011bv, divadlo&#8211; tvo\u0159en\u00ed a v\u00fdroba [&hellip;]<\/p>\n","protected":false},"author":1,"featured_media":1491,"comment_status":"closed","ping_status":"closed","sticky":false,"template":"","format":"standard","meta":{"ngg_post_thumbnail":0,"footnotes":""},"categories":[4],"tags":[],"class_list":["post-2201","post","type-post","status-publish","format-standard","has-post-thumbnail","hentry","category-akce"],"_links":{"self":[{"href":"https:\/\/www.statekjirice.cz\/index.php\/wp-json\/wp\/v2\/posts\/2201","targetHints":{"allow":["GET"]}}],"collection":[{"href":"https:\/\/www.statekjirice.cz\/index.php\/wp-json\/wp\/v2\/posts"}],"about":[{"href":"https:\/\/www.statekjirice.cz\/index.php\/wp-json\/wp\/v2\/types\/post"}],"author":[{"embeddable":true,"href":"https:\/\/www.statekjirice.cz\/index.php\/wp-json\/wp\/v2\/users\/1"}],"replies":[{"embeddable":true,"href":"https:\/\/www.statekjirice.cz\/index.php\/wp-json\/wp\/v2\/comments?post=2201"}],"version-history":[{"count":4,"href":"https:\/\/www.statekjirice.cz\/index.php\/wp-json\/wp\/v2\/posts\/2201\/revisions"}],"predecessor-version":[{"id":2224,"href":"https:\/\/www.statekjirice.cz\/index.php\/wp-json\/wp\/v2\/posts\/2201\/revisions\/2224"}],"wp:featuredmedia":[{"embeddable":true,"href":"https:\/\/www.statekjirice.cz\/index.php\/wp-json\/wp\/v2\/media\/1491"}],"wp:attachment":[{"href":"https:\/\/www.statekjirice.cz\/index.php\/wp-json\/wp\/v2\/media?parent=2201"}],"wp:term":[{"taxonomy":"category","embeddable":true,"href":"https:\/\/www.statekjirice.cz\/index.php\/wp-json\/wp\/v2\/categories?post=2201"},{"taxonomy":"post_tag","embeddable":true,"href":"https:\/\/www.statekjirice.cz\/index.php\/wp-json\/wp\/v2\/tags?post=2201"}],"curies":[{"name":"wp","href":"https:\/\/api.w.org\/{rel}","templated":true}]}}